{"id":16249433,"date":"2026-01-15T13:42:38","date_gmt":"2026-01-15T12:42:38","guid":{"rendered":"https:\/\/www.vecesam.es\/2026\/01\/15\/canviar-portes-sense-obra-el-2026-guia-completa-per-renovar-la-teva-llar-sense-reformes\/"},"modified":"2026-01-15T14:14:18","modified_gmt":"2026-01-15T13:14:18","slug":"canviar-portes-sense-obra-el-2026-guia-completa-per-renovar-la-teva-llar-sense-reformes","status":"publish","type":"post","link":"https:\/\/www.vecesam.es\/ca\/2026\/01\/15\/canviar-portes-sense-obra-el-2026-guia-completa-per-renovar-la-teva-llar-sense-reformes\/","title":{"rendered":"Canviar portes sense obra el 2026: guia completa per renovar la teva llar sense reformes"},"content":{"rendered":"\n<p>Canviar les portes d\u2019un habitatge \u00e9s una manera efica\u00e7 de millorar l\u2019<strong>a\u00efllament<\/strong>, la <strong>seguretat<\/strong> i l\u2019<strong>est\u00e8tica de la llar<\/strong>, influint directament en el confort i l\u2019efici\u00e8ncia energ\u00e8tica. Tot i que moltes persones ho posposen per por a les obres i les mol\u00e8sties, avui dia \u00e9s possible <strong>canviar portes sense obra<\/strong>, aprofitant els marcs existents i aconseguint una instal\u00b7laci\u00f3 r\u00e0pida, neta i amb excel\u00b7lents prestacions. <\/p>\n\n<p>A <strong><a href=\"https:\/\/www.vecesam.es\/ca\/\" data-type=\"link\" data-id=\"https:\/\/www.vecesam.es\/ca\/\">Vecesam<\/a><\/strong>, com a especialistes en fusteria d\u2019alumini, oferim solucions per canviar portes sense obra sempre que les condicions ho permetin, apostant per <strong>materials de qualitat<\/strong> i una <strong>instal\u00b7laci\u00f3 professional<\/strong>. En aquesta guia t\u2019expliquem quan \u00e9s l\u2019opci\u00f3 ideal i per qu\u00e8 comptar amb l\u2019<strong><a href=\"https:\/\/www.vecesam.es\/ca\/vecesam\/\" data-type=\"link\" data-id=\"https:\/\/www.vecesam.es\/vecesam\/\">equip de Vecesam<\/a><\/strong> \u00e9s clau per aconseguir un resultat <strong>eficient, segur i durador<\/strong>. <\/p>\n\n<h2 class=\"wp-block-heading\">Qu\u00e8 significa canviar portes sense obra?<\/h2>\n\n<p>Canviar <strong>portes d\u2019alumini<\/strong> sense obra consisteix a instal\u00b7lar una nova porta sense retirar el premarc o el marc existent, sempre que aquest es trobi en bon estat. A difer\u00e8ncia d\u2019una substituci\u00f3 tradicional, no cal trencar parets ni fer treballs de paleta, cosa que permet una intervenci\u00f3 r\u00e0pida i neta. <\/p>\n\n<p>Aquest tipus d\u2019instal\u00b7laci\u00f3 permet renovar completament la porta, millorant l\u2019<strong>a\u00efllament t\u00e8rmic i ac\u00fastic<\/strong>, la <strong>seguretat<\/strong> i l\u2019<strong>est\u00e8tica<\/strong>, sense alterar el buit original ni generar runa. \u00c9s una soluci\u00f3 ideal tant per a <strong>portes d\u2019alumini<\/strong> com per a <strong><a href=\"https:\/\/www.vecesam.es\/ca\/portes\/\" data-type=\"link\" data-id=\"https:\/\/www.vecesam.es\/puertas\/\">portes de PVC<\/a><\/strong>, especialment en habitatges habitats, comunitats de ve\u00efns o negocis que necessiten una actuaci\u00f3 efica\u00e7 sense mol\u00e8sties. <\/p>\n\n<p>Abans de fer la instal\u00b7laci\u00f3, \u00e9s fonamental que un professional valori l\u2019estat del marc existent per garantir un resultat <strong>\u00f2ptim, segur i durador<\/strong>.<\/p>\n\n<h2 class=\"wp-block-heading\">Principals avantatges de canviar portes sense obra<\/h2>\n\n<h3 class=\"wp-block-heading\">Rapidesa i netedat en la instal\u00b7laci\u00f3<\/h3>\n\n<p>Un dels grans avantatges d\u2019aquest sistema \u00e9s la rapidesa. En la majoria dels casos, la instal\u00b7laci\u00f3 es realitza en poques hores, sense pols ni sorolls excessius. Aix\u00f2 permet canviar la porta sense alterar la rutina di\u00e0ria de la llar o l\u2019activitat del negoci.  <\/p>\n\n<h3 class=\"wp-block-heading\">Estalvi econ\u00f2mic<\/h3>\n\n<p>En evitar treballs de paleta, es redueixen notablement els costos associats a l\u2019obra. No cal reparar parets, pintar ni retirar runa, cosa que suposa un estalvi important respecte a una reforma completa. <\/p>\n\n<h3 class=\"wp-block-heading\">Millora de l\u2019a\u00efllament t\u00e8rmic i ac\u00fastic<\/h3>\n\n<p>Les noves portes incorporen sistemes de tancament i materials d\u2019alt rendiment que milloren el confort interior. Es redueixen les p\u00e8rdues d\u2019energia, les corrents d\u2019aire i l\u2019entrada de soroll exterior, contribuint a un habitatge m\u00e9s eficient i confortable. <\/p>\n\n<h3 class=\"wp-block-heading\">Renovaci\u00f3 est\u00e8tica immediata<\/h3>\n\n<p>Canviar la porta transforma completament la imatge de l\u2019habitatge. Hi ha m\u00faltiples acabats, colors i dissenys que permeten adaptar la nova porta a l\u2019estil de l\u2019immoble, aportant un aspecte m\u00e9s modern i cuidat. <\/p>\n\n<h2 class=\"wp-block-heading\">Opcions d\u2019instal\u00b7laci\u00f3 sense obra completa<\/h2>\n\n<p>Hi ha diferents sistemes per canviar portes sense necessitat d\u2019obra, i l\u2019elecci\u00f3 dependr\u00e0 de l\u2019estat del marc existent i de les caracter\u00edstiques del buit.<\/p>\n\n<h3 class=\"wp-block-heading\">Cargolat al premarc existent<\/h3>\n\n<p>Aquest sistema consisteix a <strong>fixar la nova porta directament sobre el premarc ja instal\u00b7lat<\/strong>, sempre que estigui correctament anivellat i en bon estat. \u00c9s una soluci\u00f3 r\u00e0pida i molt efica\u00e7, que garanteix una correcta estanquitat i un acabat net. <\/p>\n\n<h3 class=\"wp-block-heading\">Instal\u00b7laci\u00f3 sobre marcs existents<\/h3>\n\n<p>En aquest cas, la nova porta s\u2019instal\u00b7la sobre el marc antic, adaptant-s\u2019hi perfectament. Els sistemes actuals permeten minimitzar la p\u00e8rdua d\u2019espai i assegurar un excel\u00b7lent comportament t\u00e8rmic i ac\u00fastic. <\/p>\n\n<p>Per obtenir els millors resultats, \u00e9s fonamental utilitzar <strong>perfils de qualitat<\/strong> i una <strong><a href=\"https:\/\/www.vecesam.es\/ca\/\" data-type=\"link\" data-id=\"https:\/\/www.vecesam.es\/ca\/\">instal\u00b7laci\u00f3 professional<\/a><\/strong> que garanteixi la durabilitat i el correcte funcionament de la porta.<\/p>\n\n<h2 class=\"wp-block-heading\">Tipus de portes que es poden canviar sense obra<\/h2>\n\n<p>No totes les portes requereixen una reforma completa per ser substitu\u00efdes. Gr\u00e0cies als sistemes actuals d\u2019instal\u00b7laci\u00f3, en molts casos \u00e9s possible <strong>canviar portes sense obra<\/strong> aprofitant el marc existent, sempre que aquest es trobi en bon estat i correctament ancorat. Aquesta opci\u00f3 permet millorar les prestacions de la porta sense alterar el buit ni generar mol\u00e8sties innecess\u00e0ries.  <\/p>\n\n<ul class=\"wp-block-list\">\n<li><a href=\"https:\/\/www.vecesam.es\/ca\/portes-de-carrer\/\" data-type=\"link\" data-id=\"https:\/\/www.vecesam.es\/puertas-de-calle\/\"><strong>Portes de carrer:<\/strong><\/a> s\u00f3n una de les substitucions m\u00e9s habituals sense obra, ja que permeten refor\u00e7ar la seguretat, millorar l\u2019a\u00efllament t\u00e8rmic i ac\u00fastic i renovar l\u2019est\u00e8tica de l\u2019entrada sense necessitat de treballs de paleta.<\/li>\n<\/ul>\n\n<ul class=\"wp-block-list\">\n<li><strong><a href=\"https:\/\/www.vecesam.es\/ca\/portes-balconeres\/\" data-type=\"link\" data-id=\"https:\/\/www.vecesam.es\/puertas-balconeras\/\">Portes balconeres:<\/a><\/strong> es poden canviar sense obra per optimitzar l\u2019entrada de llum natural, millorar l\u2019estanquitat i augmentar el confort interior, mantenint les dimensions originals del buit.<\/li>\n<\/ul>\n\n<ul class=\"wp-block-list\">\n<li><strong><a href=\"https:\/\/www.vecesam.es\/ca\/portes-corredisses\/\" data-type=\"link\" data-id=\"https:\/\/www.vecesam.es\/ca\/portes-corredisses\/\">Portes corredisses:<\/a><\/strong> en molts casos \u00e9s possible renovar el sistema corred\u00eds sense obra, millorant la suavitat d\u2019obertura, el tancament, l\u2019a\u00efllament i l\u2019aparen\u00e7a general del conjunt.<\/li>\n<\/ul>\n\n<ul class=\"wp-block-list\">\n<li><strong><a href=\"https:\/\/www.vecesam.es\/ca\/portes-especials\/\" data-type=\"link\" data-id=\"https:\/\/www.vecesam.es\/puertas-especiales\/\">Portes especials:<\/a><\/strong> les portes a mida o amb caracter\u00edstiques espec\u00edfiques tamb\u00e9 es poden instal\u00b7lar sense obra, sempre que el marc existent sigui compatible i permeti una correcta adaptaci\u00f3 del nou sistema.<\/li>\n<\/ul>\n\n<p>En qualsevol cas, la viabilitat de cada opci\u00f3 s\u2019ha d\u2019avaluar de manera personalitzada per un professional per garantir un resultat <strong>segur, eficient i durador.<\/strong><\/p>\n\n<h2 class=\"wp-block-heading\">Solucions de Vecesam que es poden instal\u00b7lar sense obra<\/h2>\n\n<p>A <strong><a href=\"https:\/\/www.vecesam.es\/ca\/\" data-type=\"link\" data-id=\"https:\/\/www.vecesam.es\/ca\/\">Vecesam<\/a><\/strong> oferim solucions en fusteria d\u2019alumini adaptades a instal\u00b7lacions sense obra, sempre que les condicions del buit ho permetin. Treballem amb sistemes de <strong>perfils K\u00f6mmerling<\/strong>, una marca de refer\u00e8ncia per la seva qualitat, efici\u00e8ncia energ\u00e8tica i durabilitat. <\/p>\n\n<p>Entre les solucions que es poden instal\u00b7lar sense obra destaquen:<\/p>\n\n<ul class=\"wp-block-list\">\n<li><strong>Portes d\u2019alumini d\u2019acc\u00e9s<\/strong> amb alt a\u00efllament t\u00e8rmic, dissenyades per millorar el confort interior i l\u2019efici\u00e8ncia energ\u00e8tica de l\u2019habitatge.<\/li>\n\n\n\n<li><strong>Portes exteriors<\/strong> amb sistemes de tancament segur, que reforcen la protecci\u00f3 de la llar sense necessitat d&#8217;executar obres.<\/li>\n\n\n\n<li><strong>Solucions personalitzades en alumini<\/strong>, adaptades al marc existent per assegurar un ajust prec\u00eds i un acabat net.<\/li>\n<\/ul>\n\n<p>Gr\u00e0cies als <strong><a href=\"https:\/\/www.kommerling.es\/\" data-type=\"link\" data-id=\"https:\/\/www.kommerling.es\/\" target=\"_blank\" rel=\"noopener\">perfils K\u00f6mmerling<\/a><\/strong>, garantim un excel\u00b7lent comportament davant el pas del temps, l\u2019a\u00efllament i l\u2019estanquitat.<\/p>\n\n<h2 class=\"wp-block-heading\">Casos en qu\u00e8 \u00e9s necess\u00e0ria obra<\/h2>\n\n<p>Tot i que canviar portes sense obra \u00e9s una soluci\u00f3 molt avantatjosa, no sempre \u00e9s possible. Caldr\u00e0 realitzar obra quan: <\/p>\n\n<ul class=\"wp-block-list\">\n<li>El <strong>marc<\/strong> o el <strong>premarc<\/strong> estiguin deteriorats.<\/li>\n\n\n\n<li>Hi hagi <strong>problemes estructurals<\/strong> al buit.<\/li>\n\n\n\n<li>Calgui <strong>modificar les dimensions<\/strong> o el <strong>tipus d\u2019obertura<\/strong>.<\/li>\n<\/ul>\n\n<p>En aquests casos, una substituci\u00f3 completa amb obra permetr\u00e0 <strong>garantir la seguretat, l\u2019a\u00efllament i la durabilitat<\/strong> de la nova porta.<\/p>\n\n<h2 class=\"wp-block-heading\">Professionals especialitzats en portes d\u2019alumini<\/h2>\n\n<p>La correcta instal\u00b7laci\u00f3 \u00e9s clau per garantir el bon funcionament i la durabilitat d\u2019una porta. A <strong><a href=\"https:\/\/www.vecesam.es\/ca\/\" data-type=\"link\" data-id=\"https:\/\/www.vecesam.es\/ca\/\">Vecesam<\/a><\/strong> disposem d&#8217;un equip de professionals especialitzats en fusteria d\u2019alumini que t\u2019assessora des del primer moment, avalua si \u00e9s possible una instal\u00b7laci\u00f3 sense obra i proposa la soluci\u00f3 m\u00e9s adequada en cada cas. Treballem amb <strong>materials d\u2019alta qualitat<\/strong> i <strong><a href=\"https:\/\/www.kommerling.es\/\" data-type=\"link\" data-id=\"https:\/\/www.kommerling.es\/\" target=\"_blank\" rel=\"noopener\">perfils K\u00f6mmerling<\/a><\/strong> per assegurar resultats eficients, segurs i duradors.  <\/p>\n\n<p>Si est\u00e0s pensant a <strong>canviar portes sense obra<\/strong>, <strong><a href=\"https:\/\/www.vecesam.es\/ca\/contacte\/\" data-type=\"link\" data-id=\"https:\/\/www.vecesam.es\/contacto\/\">contacta amb Vecesam<\/a><\/strong> i sol\u00b7licita un estudi personalitzat i sense comprom\u00eds per al teu habitatge o negoci.<\/p>\n","protected":false},"excerpt":{"rendered":"<p>Canviar les portes d\u2019un habitatge \u00e9s una manera efica\u00e7 de millorar l\u2019a\u00efllament, la seguretat i l\u2019est\u00e8tica de la llar, influint directament en el confort i l\u2019efici\u00e8ncia energ\u00e8tica. Tot i que moltes persones ho posposen per por a les obres i les mol\u00e8sties, avui dia \u00e9s possible canviar portes sense obra, aprofitant els marcs existents i [&hellip;]<\/p>\n","protected":false},"author":2,"featured_media":16249426,"comment_status":"open","ping_status":"closed","sticky":false,"template":"","format":"standard","meta":{"_et_pb_use_builder":"off","_et_pb_old_content":"","_et_gb_content_width":"","footnotes":""},"categories":[52,36],"tags":[30,57],"dipi_cpt_category":[],"class_list":["post-16249433","post","type-post","status-publish","format-standard","has-post-thumbnail","hentry","category-portes-de-pvc","category-pvc-ca","tag-finestres-de-pvc","tag-pvc-ca"],"_links":{"self":[{"href":"https:\/\/www.vecesam.es\/ca\/wp-json\/wp\/v2\/posts\/16249433","targetHints":{"allow":["GET"]}}],"collection":[{"href":"https:\/\/www.vecesam.es\/ca\/wp-json\/wp\/v2\/posts"}],"about":[{"href":"https:\/\/www.vecesam.es\/ca\/wp-json\/wp\/v2\/types\/post"}],"author":[{"embeddable":true,"href":"https:\/\/www.vecesam.es\/ca\/wp-json\/wp\/v2\/users\/2"}],"replies":[{"embeddable":true,"href":"https:\/\/www.vecesam.es\/ca\/wp-json\/wp\/v2\/comments?post=16249433"}],"version-history":[{"count":1,"href":"https:\/\/www.vecesam.es\/ca\/wp-json\/wp\/v2\/posts\/16249433\/revisions"}],"predecessor-version":[{"id":16249434,"href":"https:\/\/www.vecesam.es\/ca\/wp-json\/wp\/v2\/posts\/16249433\/revisions\/16249434"}],"wp:featuredmedia":[{"embeddable":true,"href":"https:\/\/www.vecesam.es\/ca\/wp-json\/wp\/v2\/media\/16249426"}],"wp:attachment":[{"href":"https:\/\/www.vecesam.es\/ca\/wp-json\/wp\/v2\/media?parent=16249433"}],"wp:term":[{"taxonomy":"category","embeddable":true,"href":"https:\/\/www.vecesam.es\/ca\/wp-json\/wp\/v2\/categories?post=16249433"},{"taxonomy":"post_tag","embeddable":true,"href":"https:\/\/www.vecesam.es\/ca\/wp-json\/wp\/v2\/tags?post=16249433"},{"taxonomy":"dipi_cpt_category","embeddable":true,"href":"https:\/\/www.vecesam.es\/ca\/wp-json\/wp\/v2\/dipi_cpt_category?post=16249433"}],"curies":[{"name":"wp","href":"https:\/\/api.w.org\/{rel}","templated":true}]}}