{"id":16249357,"date":"2025-07-10T12:00:00","date_gmt":"2025-07-10T11:00:00","guid":{"rendered":"https:\/\/www.vecesam.es\/?p=16249357"},"modified":"2025-06-30T12:03:07","modified_gmt":"2025-06-30T11:03:07","slug":"finestres-de-pvc-el-teu-aliat-perfecte-per-a-lestiu-2","status":"publish","type":"post","link":"https:\/\/www.vecesam.es\/ca\/2025\/07\/10\/finestres-de-pvc-el-teu-aliat-perfecte-per-a-lestiu-2\/","title":{"rendered":"Finestres de PVC: el teu aliat perfecte per a l&#8217;estiu"},"content":{"rendered":"\n<p>Quan arriba l&#8217;estiu, tots busquem maneres de mantenir les nostres cases fresques. Una soluci\u00f3 efica\u00e7 i sovint subestimada \u00e9s l&#8217;\u00fas intel\u00b7ligent de les <strong>finestres<\/strong>. A <strong>Vecesam<\/strong>, volem ensenyar-te com <strong>les finestres de PVC<\/strong> poden ser les teves millors aliades per combatre la calor estival.<\/p>\n\n<h2 class=\"wp-block-heading\"><strong>Ventilaci\u00f3: el primer pas per a una casa fresca<\/strong><\/h2>\n\n<p>La ventilaci\u00f3 \u00e9s clau per a mantenir la teva llar fresca a l&#8217;estiu. Les <strong>finestres de PVC<\/strong> s\u00f3n perfectes, ja que permeten una excel\u00b7lent circulaci\u00f3 de l&#8217;aire. Recorda ventilar la teva casa durant les hores m\u00e9s fresques del dia, generalment al mat\u00ed i a la nit, per a permetre l&#8217;entrada d&#8217;aire fresc i la sortida de l&#8217;aire calent.  <\/p>\n\n<h2 class=\"wp-block-heading\"><strong>Aprofita les propietats del PVC<\/strong><\/h2>\n\n<p>El <strong>PVC<\/strong> \u00e9s un material amb excel\u00b7lents propietats a\u00efllants, tant t\u00e8rmiques com ac\u00fastiques. Aix\u00f2 significa que les <strong>finestres de PVC<\/strong> poden ajudar a mantenir la calor fora de casa durant l&#8217;estiu, sense renunciar a la llum natural. A m\u00e9s, el PVC \u00e9s un material <strong>durador i resistent<\/strong>, cosa que significa que les finestres de <strong>Vecesam<\/strong> resistiran durant molts anys, garantint una bona protecci\u00f3 i efici\u00e8ncia energ\u00e8tica. <\/p>\n\n<h2 class=\"wp-block-heading\"><strong>Tria el cristall adequat<\/strong><\/h2>\n\n<p>El tipus de <strong>vidre<\/strong> que tri\u00efs per a les teves finestres de PVC tamb\u00e9 pot tenir un impacte significatiu en la temperatura de la teva llar. Recomanem l&#8217;\u00fas de <strong>vidres de baixa emissivitat<\/strong>, que reflecteixen la calor del sol i ajuden a mantenir la teva casa fresca. Les <strong>finestres de PVC<\/strong> amb vidre de control solar s\u00f3n una excel\u00b7lent opci\u00f3 per a optimitzar l&#8217;a\u00efllament t\u00e8rmic i reduir la necessitat d&#8217;aire condicionat.  <\/p>\n\n<h2 class=\"wp-block-heading\"><strong>Finestres de PVC: una inversi\u00f3 intel\u00b7ligent per a l&#8217;estiu i tot l&#8217;any<\/strong><\/h2>\n\n<p>Les <strong>finestres de PVC<\/strong> no nom\u00e9s s\u00f3n \u00fatils a l&#8217;estiu. Gr\u00e0cies a les seves propietats a\u00efllants, tamb\u00e9 ajuden a mantenir la casa c\u00e0lida a l&#8217;hivern, la qual cosa pot reduir les teves factures de calefacci\u00f3. A m\u00e9s, s\u00f3n <strong>f\u00e0cils de mantenir<\/strong> i <strong>resistents<\/strong> a les inclem\u00e8ncies del temps, la qual cosa les converteix en una inversi\u00f3 intel\u00b7ligent per a qualsevol llar. <\/p>\n\n<p>A <strong>Vecesam<\/strong>, fabriquem <strong>portes<\/strong>, <strong>finestres<\/strong> i <strong>tancaments de PVC<\/strong>. Si est\u00e0s interessat a millorar l&#8217;efici\u00e8ncia energ\u00e8tica de la teva llar i mantenir-la fresca aquest estiu, no dubtis a posar-te en contacte amb nosaltres.<\/p>\n","protected":false},"excerpt":{"rendered":"<p>Quan arriba l&#8217;estiu, tots busquem maneres de mantenir les nostres cases fresques. Una soluci\u00f3 efica\u00e7 i sovint subestimada \u00e9s l&#8217;\u00fas intel\u00b7ligent de les finestres. A Vecesam, volem ensenyar-te com les finestres de PVC poden ser les teves millors aliades per combatre la calor estival. Ventilaci\u00f3: el primer pas per a una casa fresca La ventilaci\u00f3 [&hellip;]<\/p>\n","protected":false},"author":1,"featured_media":16249355,"comment_status":"open","ping_status":"closed","sticky":false,"template":"","format":"standard","meta":{"_et_pb_use_builder":"off","_et_pb_old_content":"","_et_gb_content_width":"","footnotes":""},"categories":[34,1],"tags":[30],"dipi_cpt_category":[],"class_list":["post-16249357","post","type-post","status-publish","format-standard","has-post-thumbnail","hentry","category-finestres-de-pvc","category-sin-categorizar","tag-finestres-de-pvc"],"_links":{"self":[{"href":"https:\/\/www.vecesam.es\/ca\/wp-json\/wp\/v2\/posts\/16249357","targetHints":{"allow":["GET"]}}],"collection":[{"href":"https:\/\/www.vecesam.es\/ca\/wp-json\/wp\/v2\/posts"}],"about":[{"href":"https:\/\/www.vecesam.es\/ca\/wp-json\/wp\/v2\/types\/post"}],"author":[{"embeddable":true,"href":"https:\/\/www.vecesam.es\/ca\/wp-json\/wp\/v2\/users\/1"}],"replies":[{"embeddable":true,"href":"https:\/\/www.vecesam.es\/ca\/wp-json\/wp\/v2\/comments?post=16249357"}],"version-history":[{"count":1,"href":"https:\/\/www.vecesam.es\/ca\/wp-json\/wp\/v2\/posts\/16249357\/revisions"}],"predecessor-version":[{"id":16249358,"href":"https:\/\/www.vecesam.es\/ca\/wp-json\/wp\/v2\/posts\/16249357\/revisions\/16249358"}],"wp:featuredmedia":[{"embeddable":true,"href":"https:\/\/www.vecesam.es\/ca\/wp-json\/wp\/v2\/media\/16249355"}],"wp:attachment":[{"href":"https:\/\/www.vecesam.es\/ca\/wp-json\/wp\/v2\/media?parent=16249357"}],"wp:term":[{"taxonomy":"category","embeddable":true,"href":"https:\/\/www.vecesam.es\/ca\/wp-json\/wp\/v2\/categories?post=16249357"},{"taxonomy":"post_tag","embeddable":true,"href":"https:\/\/www.vecesam.es\/ca\/wp-json\/wp\/v2\/tags?post=16249357"},{"taxonomy":"dipi_cpt_category","embeddable":true,"href":"https:\/\/www.vecesam.es\/ca\/wp-json\/wp\/v2\/dipi_cpt_category?post=16249357"}],"curies":[{"name":"wp","href":"https:\/\/api.w.org\/{rel}","templated":true}]}}