{"id":16249333,"date":"2025-06-09T10:00:00","date_gmt":"2025-06-09T09:00:00","guid":{"rendered":"https:\/\/www.vecesam.es\/?p=16249333"},"modified":"2025-05-12T09:09:03","modified_gmt":"2025-05-12T08:09:03","slug":"finestres-corredisses-o-oscillobatents-quina-triar-segons-cada-espai","status":"publish","type":"post","link":"https:\/\/www.vecesam.es\/ca\/2025\/06\/09\/finestres-corredisses-o-oscillobatents-quina-triar-segons-cada-espai\/","title":{"rendered":"Finestres corredisses o oscil\u00b7lobatents: quina triar segons cada espai?"},"content":{"rendered":"\n<p>A l&#8217;hora de renovar les finestres de la llar, una de les decisions m\u00e9s importants \u00e9s triar el tipus d&#8217;obertura que millor s&#8217;adapti a cada estan\u00e7a. Entre les opcions m\u00e9s comunes destaquen les <strong>finestres corredisses<\/strong> i les <strong>finestres oscil\u00b7lobatents<\/strong>, dos sistemes que ofereixen solucions diferents pel que fa a espai, a\u00efllament i funcionalitat. <\/p>\n\n<p>En aquest article, t&#8217;ajudem a identificar quina s&#8217;ajusta millor a les necessitats del teu habitatge.<\/p>\n\n<h2 class=\"wp-block-heading\"><strong>Finestres corredisses: soluci\u00f3 pr\u00e0ctica per a espais redu\u00efts.<\/strong><\/h2>\n\n<p>Les <a href=\"https:\/\/www.vecesam.es\/ca\/finestres-corredisses\/\" target=\"_blank\" rel=\"noreferrer noopener\">finestres corredisses<\/a> es llisquen lateralment sobre un carril, cosa que permet obrir-les sense envair l&#8217;espai interior. Aquesta caracter\u00edstica les converteix en una opci\u00f3 excel\u00b7lent per a estances petites o zones on el mobiliari \u00e9s molt a prop de la finestra. <\/p>\n\n<p>S\u00f3n especialment \u00fatils en cuines on es busca una obertura r\u00e0pida i sense obstacles, en safareigs amb espai limitat o en galeries i balcons tancats que necessiten llum i ventilaci\u00f3 sense perdre superf\u00edcie \u00fatil.<\/p>\n\n<p>Tot i que la seva funcionalitat \u00e9s indiscutible, cal tenir en compte que, a causa del seu sistema de tancament, <strong>no ofereixen el mateix nivell d&#8217;a\u00efllament t\u00e8rmic i ac\u00fastic<\/strong> que altres tipus de finestres. Per aix\u00f2, en zones molt fredes o amb soroll exterior, pot ser m\u00e9s recomanable optar per sistemes amb millor hermeticitat. <\/p>\n\n<h2 class=\"wp-block-heading\"><strong>Finestres oscil\u00b7lobatents: versatilitat, efici\u00e8ncia i confort.<\/strong><\/h2>\n\n<p>Les <a href=\"https:\/\/www.vecesam.es\/ca\/finestres-abatibles\/\" target=\"_blank\" rel=\"noreferrer noopener\">finestres oscil\u00b7lobatents<\/a> combinen dues formes d&#8217;obertura: abatible (lateral) i basculant (des de la part superior). Aquest doble sistema permet una <strong>ventilaci\u00f3 controlada<\/strong>, ideal per mantenir l&#8217;aire fresc a la llar sense obrir completament la finestra. <\/p>\n\n<p>Aquest tipus de finestres \u00e9s especialment recomanable per a dormitoris, sales d&#8217;estar i oficines, on es valora l&#8217;<strong>a\u00efllament t\u00e8rmic i ac\u00fastic<\/strong>, la seguretat i la comoditat. Tamb\u00e9 s\u00f3n molt \u00fatils en banys, ja que permeten ventilar de forma parcial sense comprometre la intimitat ni la seguretat. <\/p>\n\n<p>A m\u00e9s, el seu disseny facilita la neteja des de l&#8217;interior i proporciona una gran estanquitat, cosa que les converteix en una opci\u00f3 molt eficient en termes energ\u00e8tics.<\/p>\n\n<h2 class=\"wp-block-heading\"><strong>Quin \u00e9s la millor opci\u00f3 per a cada estan\u00e7a?<\/strong><\/h2>\n\n<p>L&#8217;elecci\u00f3 entre una finestra corredissa i una oscil\u00b7lobatent dep\u00e8n, sobretot, de l&#8217;\u00fas que es faci de l&#8217;espai, de la mida disponible i de les condicions de l&#8217;entorn.<\/p>\n\n<p>Per exemple, en una <strong>cuina petita o un safareig<\/strong>, el m\u00e9s adequat sol ser una finestra corredissa per la seva practicitat. En canvi, en <strong>dormitoris, sales d&#8217;estar o zones on es prioritza el confort t\u00e8rmic<\/strong>, les oscil\u00b7lobatents ofereixen millors prestacions. En <strong>banys<\/strong>, ambdues opcions poden funcionar b\u00e9 depenent de l&#8217;espai i de la necessitat de ventilaci\u00f3.  <\/p>\n\n<h2 class=\"wp-block-heading\"><strong>Confia en materials de qualitat: PVC amb garantia K\u00f6mmerling.<\/strong><\/h2>\n\n<p>Tant si tries una finestra corredissa com una oscil\u00b7lobatent, el m\u00e9s important \u00e9s que estigui fabricada amb materials de qualitat. A <strong>Vecesam<\/strong>, utilitzem perfils de <a href=\"https:\/\/www.kommerling.es\/\" target=\"_blank\" rel=\"noreferrer noopener\"><strong>PVC K\u00f6mmerling<\/strong><\/a>, que garanteixen un excel\u00b7lent comportament davant del pas del temps, una gran efici\u00e8ncia energ\u00e8tica i m\u00faltiples possibilitats de personalitzaci\u00f3. <\/p>\n\n<p>El PVC \u00e9s resistent, durador i ofereix un a\u00efllament excel\u00b7lent, cosa que el converteix en el material perfecte per millorar el confort de la llar i reduir el consum energ\u00e8tic, sense renunciar a un disseny modern i elegant.<\/p>\n\n<p>Per tant, no hi ha una \u00fanica resposta v\u00e0lida: cada tipus de finestra t\u00e9 els seus avantatges segons l&#8217;espai i les necessitats de l&#8217;usuari. L&#8217;important \u00e9s comptar amb l&#8217;assessorament adequat per triar l&#8217;opci\u00f3 que combini funcionalitat, efici\u00e8ncia i est\u00e8tica. <\/p>\n\n<p>A <strong>Vecesam<\/strong>, t&#8217;ajudem a trobar la finestra que millor encaixa amb la teva llar. Contacta amb nosaltres i descobreix totes les possibilitats de les <a href=\"https:\/\/www.vecesam.es\/ca\/finestres\/\" target=\"_blank\" rel=\"noreferrer noopener\"><strong>finestres de PVC<\/strong><\/a>, siguin corredisses o oscil\u00b7lobatents. <\/p>\n","protected":false},"excerpt":{"rendered":"<p>A l&#8217;hora de renovar les finestres de la llar, una de les decisions m\u00e9s importants \u00e9s triar el tipus d&#8217;obertura que millor s&#8217;adapti a cada estan\u00e7a. Entre les opcions m\u00e9s comunes destaquen les finestres corredisses i les finestres oscil\u00b7lobatents, dos sistemes que ofereixen solucions diferents pel que fa a espai, a\u00efllament i funcionalitat. En aquest [&hellip;]<\/p>\n","protected":false},"author":1,"featured_media":16249332,"comment_status":"open","ping_status":"closed","sticky":false,"template":"","format":"standard","meta":{"_et_pb_use_builder":"off","_et_pb_old_content":"","_et_gb_content_width":"","footnotes":""},"categories":[34,1],"tags":[],"dipi_cpt_category":[],"class_list":["post-16249333","post","type-post","status-publish","format-standard","has-post-thumbnail","hentry","category-finestres-de-pvc","category-sin-categorizar"],"_links":{"self":[{"href":"https:\/\/www.vecesam.es\/ca\/wp-json\/wp\/v2\/posts\/16249333","targetHints":{"allow":["GET"]}}],"collection":[{"href":"https:\/\/www.vecesam.es\/ca\/wp-json\/wp\/v2\/posts"}],"about":[{"href":"https:\/\/www.vecesam.es\/ca\/wp-json\/wp\/v2\/types\/post"}],"author":[{"embeddable":true,"href":"https:\/\/www.vecesam.es\/ca\/wp-json\/wp\/v2\/users\/1"}],"replies":[{"embeddable":true,"href":"https:\/\/www.vecesam.es\/ca\/wp-json\/wp\/v2\/comments?post=16249333"}],"version-history":[{"count":1,"href":"https:\/\/www.vecesam.es\/ca\/wp-json\/wp\/v2\/posts\/16249333\/revisions"}],"predecessor-version":[{"id":16249343,"href":"https:\/\/www.vecesam.es\/ca\/wp-json\/wp\/v2\/posts\/16249333\/revisions\/16249343"}],"wp:featuredmedia":[{"embeddable":true,"href":"https:\/\/www.vecesam.es\/ca\/wp-json\/wp\/v2\/media\/16249332"}],"wp:attachment":[{"href":"https:\/\/www.vecesam.es\/ca\/wp-json\/wp\/v2\/media?parent=16249333"}],"wp:term":[{"taxonomy":"category","embeddable":true,"href":"https:\/\/www.vecesam.es\/ca\/wp-json\/wp\/v2\/categories?post=16249333"},{"taxonomy":"post_tag","embeddable":true,"href":"https:\/\/www.vecesam.es\/ca\/wp-json\/wp\/v2\/tags?post=16249333"},{"taxonomy":"dipi_cpt_category","embeddable":true,"href":"https:\/\/www.vecesam.es\/ca\/wp-json\/wp\/v2\/dipi_cpt_category?post=16249333"}],"curies":[{"name":"wp","href":"https:\/\/api.w.org\/{rel}","templated":true}]}}