{"id":16249123,"date":"2024-02-06T10:42:05","date_gmt":"2024-02-06T09:42:05","guid":{"rendered":"https:\/\/www.vecesam.es\/2024\/02\/06\/el-pvc-i-lacustica-millorant-laillament-sonor-de-la-teva-llar\/"},"modified":"2024-02-06T13:38:43","modified_gmt":"2024-02-06T12:38:43","slug":"el-pvc-i-lacustica-millorant-laillament-sonor-de-la-teva-llar","status":"publish","type":"post","link":"https:\/\/www.vecesam.es\/ca\/2024\/02\/06\/el-pvc-i-lacustica-millorant-laillament-sonor-de-la-teva-llar\/","title":{"rendered":"El PVC i l&#8217;ac\u00fastica: millorant l&#8217;a\u00efllament sonor de la teva llar"},"content":{"rendered":"\n<h2 class=\"wp-block-heading\"><strong>El silenci en el disseny d&#8217;interiors<\/strong><\/h2>\n\n<p>En l&#8217;era del soroll constant, el confort ac\u00fastic en les nostres llars s&#8217;ha convertit en una prioritat. Aquest article explora com les finestres i portes de PVC no nom\u00e9s embelleixen els nostres espais, sin\u00f3 que tamb\u00e9 juguen un paper crucial en la creaci\u00f3 d&#8217;un refugi de tranquil\u00b7litat, gr\u00e0cies a la seva capacitat per a millorar l&#8217;a\u00efllament sonor.<\/p>\n\n<h2 class=\"wp-block-heading\"><strong>El PVC: un aliat contra el soroll<\/strong><\/h2>\n\n<h3 class=\"wp-block-heading\"><strong>Caracter\u00edstiques ac\u00fastiques del PVC<\/strong><\/h3>\n\n<p>El PVC, conegut per la seva durabilitat i efici\u00e8ncia energ\u00e8tica, tamb\u00e9 ofereix excel\u00b7lents propietats d&#8217;a\u00efllament ac\u00fastic. L&#8217;estructura de les finestres i portes de PVC, combinada amb vidres especials i segells herm\u00e8tics, forma una barrera efectiva contra el soroll exterior.<\/p>\n\n<h3 class=\"wp-block-heading\"><strong>Avantatges de l&#8217;a\u00efllament ac\u00fastic amb PVC<\/strong><\/h3>\n\n<ul class=\"wp-block-list\">\n<li>Tranquil\u00b7litat en la llar: gaudeix d&#8217;un ambient m\u00e9s tranquil, ideal per a relaxar-se, treballar o estudiar.<\/li>\n\n\n\n<li>Millora de la qualitat de vida: redueix l&#8217;estr\u00e8s i millora el somni en minimitzar la intrusi\u00f3 de sorolls molestos.<\/li>\n\n\n\n<li>Augment del valor de la propietat: les llars amb bon a\u00efllament ac\u00fastic s\u00f3n m\u00e9s atractius per als compradors i arrendataris.<\/li>\n<\/ul>\n\n<h2 class=\"wp-block-heading\"><strong>Solucions de PVC per a una llar silenciosa<\/strong><\/h2>\n\n<h3 class=\"wp-block-heading\"><strong>Finestres de PVC: silenci i estil<\/strong><\/h3>\n\n<p>Les finestres de PVC no sols realcen l&#8217;est\u00e8tica de la teva llar amb el seu disseny atractiu i modern, sin\u00f3 que tamb\u00e9 estan enginyosament dissenyades per a oferir una soluci\u00f3 efectiva contra el soroll extern. La robustesa de la seva construcci\u00f3 es complementa amb l&#8217;avan\u00e7ada tecnologia de vidres de m\u00faltiples capes, creant una barrera ac\u00fastica formidable que redueix significativament la transmissi\u00f3 de so.<\/p>\n\n<h3 class=\"wp-block-heading\"><strong>Portes de PVC: la barrera contra el soroll<\/strong><\/h3>\n\n<p>De la mateixa manera, les portes de PVC s\u00f3n sin\u00f2nim d&#8217;a\u00efllament sonor superior, transformant cada llar en un aut\u00e8ntic santuari de pau i tranquil\u00b7litat. El seu disseny meticul\u00f3s i materials d&#8217;alta qualitat treballen conjuntament per a crear una barrera ac\u00fastica efica\u00e7, bloquejant el soroll extern i permetent que cada moment en la teva llar sigui de pura serenitat. Aquestes portes no sols a\u00efllen de la bull\u00edcia exterior, sin\u00f3 que tamb\u00e9 afegeixen un toc d&#8217;eleg\u00e0ncia i sofisticaci\u00f3 al teu espai, assegurant que la tranquil\u00b7litat i l&#8217;estil vagin de bracet.<\/p>\n\n<h2 class=\"wp-block-heading\"><strong>El PVC, un material multifac\u00e8tic<\/strong><\/h2>\n\n<p>El PVC es destaca no nom\u00e9s per la seva resist\u00e8ncia i efici\u00e8ncia energ\u00e8tica, sin\u00f3 tamb\u00e9 per la seva notable capacitat per a millorar el confort ac\u00fastic en la llar, convertint-lo en un oasi de calma. En triar finestres i portes de PVC, no sols est\u00e0s invertint en qualitat i durabilitat, sin\u00f3 que tamb\u00e9 est\u00e0s comprometent-te amb un ambient de tranquil\u00b7litat i benestar, assegurant que cada rac\u00f3 de la teva llar sigui un refugi de pau i serenitat.<\/p>\n\n<h2 class=\"wp-block-heading\"><strong>Descobreix el silenci amb Vecesam<\/strong><\/h2>\n\n<p>Visita <a href=\"https:\/\/www.vecesam.es\/ca\/\" data-type=\"link\" data-id=\"https:\/\/www.vecesam.es\/ca\/\">www.vecesam.es<\/a> per a explorar les nostres solucions en PVC que t&#8217;ajudaran a transformar la teva llar en un oasi de tranquil\u00b7litat. Amb Vecesam, el silenci \u00e9s part del disseny!<\/p>\n","protected":false},"excerpt":{"rendered":"<p>Aquest article explora com les finestres i portes de PVC no nom\u00e9s embelleixen els nostres espais, sin\u00f3 que tamb\u00e9 juguen un paper crucial en la creaci\u00f3 d&#8217;un refugi de tranquil\u00b7litat.<\/p>\n","protected":false},"author":1,"featured_media":16249121,"comment_status":"open","ping_status":"closed","sticky":false,"template":"","format":"standard","meta":{"_et_pb_use_builder":"off","_et_pb_old_content":"","_et_gb_content_width":"","footnotes":""},"categories":[34,52,36],"tags":[],"dipi_cpt_category":[],"class_list":["post-16249123","post","type-post","status-publish","format-standard","has-post-thumbnail","hentry","category-finestres-de-pvc","category-portes-de-pvc","category-pvc-ca"],"_links":{"self":[{"href":"https:\/\/www.vecesam.es\/ca\/wp-json\/wp\/v2\/posts\/16249123","targetHints":{"allow":["GET"]}}],"collection":[{"href":"https:\/\/www.vecesam.es\/ca\/wp-json\/wp\/v2\/posts"}],"about":[{"href":"https:\/\/www.vecesam.es\/ca\/wp-json\/wp\/v2\/types\/post"}],"author":[{"embeddable":true,"href":"https:\/\/www.vecesam.es\/ca\/wp-json\/wp\/v2\/users\/1"}],"replies":[{"embeddable":true,"href":"https:\/\/www.vecesam.es\/ca\/wp-json\/wp\/v2\/comments?post=16249123"}],"version-history":[{"count":0,"href":"https:\/\/www.vecesam.es\/ca\/wp-json\/wp\/v2\/posts\/16249123\/revisions"}],"wp:featuredmedia":[{"embeddable":true,"href":"https:\/\/www.vecesam.es\/ca\/wp-json\/wp\/v2\/media\/16249121"}],"wp:attachment":[{"href":"https:\/\/www.vecesam.es\/ca\/wp-json\/wp\/v2\/media?parent=16249123"}],"wp:term":[{"taxonomy":"category","embeddable":true,"href":"https:\/\/www.vecesam.es\/ca\/wp-json\/wp\/v2\/categories?post=16249123"},{"taxonomy":"post_tag","embeddable":true,"href":"https:\/\/www.vecesam.es\/ca\/wp-json\/wp\/v2\/tags?post=16249123"},{"taxonomy":"dipi_cpt_category","embeddable":true,"href":"https:\/\/www.vecesam.es\/ca\/wp-json\/wp\/v2\/dipi_cpt_category?post=16249123"}],"curies":[{"name":"wp","href":"https:\/\/api.w.org\/{rel}","templated":true}]}}