{"id":16248488,"date":"2023-06-09T08:15:04","date_gmt":"2023-06-09T07:15:04","guid":{"rendered":"https:\/\/www.vecesam.es\/2023\/06\/09\/finestres-de-pvc-el-teu-aliat-perfecte-per-a-lestiu\/"},"modified":"2023-06-09T08:40:58","modified_gmt":"2023-06-09T07:40:58","slug":"finestres-de-pvc-el-teu-aliat-perfecte-per-a-lestiu","status":"publish","type":"post","link":"https:\/\/www.vecesam.es\/ca\/2023\/06\/09\/finestres-de-pvc-el-teu-aliat-perfecte-per-a-lestiu\/","title":{"rendered":"Finestres de PVC: El teu aliat perfecte per a l&#8217;estiu"},"content":{"rendered":"\n<h2 class=\"wp-block-heading\">Com aprofitar al m\u00e0xim les finestres de PVC a l&#8217;estiu?<\/h2>\n\n<p>L&#8217;estiu \u00e9s una \u00e8poca de l&#8217;any en qu\u00e8 tots busquem maneres de <strong>mantenir les nostres cases fresques<\/strong>. Una soluci\u00f3 efica\u00e7 i sovint subestimada \u00e9s l\u00fas intel\u00b7ligent de les finestres. A Vecesam, volem mostrar-te com les finestres de PVC poden ser les teves millors aliades per combatre la calor estival.<\/p>\n\n<h2 class=\"wp-block-heading\">Ventilaci\u00f3: El primer pas per a una llar fresca<\/h2>\n\n<p>La ventilaci\u00f3 \u00e9s essencial per mantenir la teva llar fresca a l&#8217;estiu. Les finestres de PVC s\u00f3n perfectes, ja que permeten una excel\u00b7lent circulaci\u00f3 de l&#8217;aire. Recorda ventilar casa teva durant les hores m\u00e9s fresques del dia, <strong>generalment al mat\u00ed i a la nit<\/strong>.<\/p>\n\n<h2 class=\"wp-block-heading\">Aprofita les propietats del PVC<\/h2>\n\n<p>El <a href=\"https:\/\/www.vecesam.es\/pvc\/?_gl=1*1ri4hdn*_up*MQ..*_ga*MTQ4ODM2NDc4NS4xNjg2Mjk0NDU2*_ga_85L7QZ2LDB*MTY4NjI5NDQ1NS4xLjEuMTY4NjI5NDQ3OC4wLjAuMA..\">PVC<\/a> \u00e9s un material amb <strong>excel\u00b7lents propietats a\u00efllants<\/strong>, tant t\u00e8rmiques com ac\u00fastiques. Aix\u00f2 vol dir que les finestres de PVC poden ajudar a mantenir la calor fora de casa durant l&#8217;estiu. A m\u00e9s, el PVC \u00e9s un material durador i resistent, la qual cosa significa que les finestres resistiran durant molts anys.<\/p>\n\n<h2 class=\"wp-block-heading\">Tria el vidre adequat<\/h2>\n\n<p>El tipus de vidre que tri\u00efs per a les finestres de PVC tamb\u00e9 pot tenir un impacte significatiu en la temperatura de casa teva. Recomanem l&#8217;\u00fas de vidre de <strong>baixa emissivitat<\/strong>, que reflecteix la calor del sol i ajuda a mantenir la teva casa fresca.<\/p>\n\n<h2 class=\"wp-block-heading\">Finestres de PVC: Una inversi\u00f3 intel\u00b7ligent per a l&#8217;estiu i tot l&#8217;any<\/h2>\n\n<p>Les <a href=\"https:\/\/www.vecesam.es\/ventanas\/?_gl=1*1sqh5yn*_up*MQ..*_ga*MTQ4ODM2NDc4NS4xNjg2Mjk0NDU2*_ga_85L7QZ2LDB*MTY4NjI5NDQ1NS4xLjEuMTY4NjI5NDUzMy4wLjAuMA..\">finestres de PVC<\/a> no nom\u00e9s s\u00f3n \u00fatils a l&#8217;estiu. Gr\u00e0cies a les seves propietats a\u00efllants, tamb\u00e9 poden ajudar a mantenir casa c\u00e0lida a l&#8217;hivern, cosa que pot <strong>reduir les teves factures de calefacci\u00f3<\/strong>. A m\u00e9s, s\u00f3n f\u00e0cils de mantenir i resistents a la intemp\u00e8rie, cosa que les converteix en una inversi\u00f3 intel\u00b7ligent per a qualsevol llar.<\/p>\n\n<p>A Vecesam, fabriquem portes, finestres i tancaments de PVC. Si est\u00e0s interessat a millorar l&#8217;efici\u00e8ncia energ\u00e8tica de la teva llar i mantenir-la fresca aquest estiu, no dubtis a <a href=\"https:\/\/www.vecesam.es\/contacto\/?_gl=1*1s9d1pf*_up*MQ..*_ga*MTQ4ODM2NDc4NS4xNjg2Mjk0NDU2*_ga_85L7QZ2LDB*MTY4NjI5NDQ1NS4xLjAuMTY4NjI5NDQ1NS4wLjAuMA..\" target=\"_blank\" rel=\"noreferrer noopener\">posar-te en contacte amb nosaltres<\/a>.<\/p>\n","protected":false},"excerpt":{"rendered":"<p>L&#8217;estiu \u00e9s una \u00e8poca de l&#8217;any en qu\u00e8 tots busquem maneres de mantenir les nostres cases fresques. Una soluci\u00f3 efica\u00e7 i sovint subestimada \u00e9s l&#8217;\u00fas intel\u00b7ligent de les finestres. <\/p>\n","protected":false},"author":1,"featured_media":16248484,"comment_status":"open","ping_status":"closed","sticky":false,"template":"","format":"standard","meta":{"_et_pb_use_builder":"off","_et_pb_old_content":"","_et_gb_content_width":"","footnotes":""},"categories":[34,1],"tags":[],"dipi_cpt_category":[],"class_list":["post-16248488","post","type-post","status-publish","format-standard","has-post-thumbnail","hentry","category-finestres-de-pvc","category-sin-categorizar"],"_links":{"self":[{"href":"https:\/\/www.vecesam.es\/ca\/wp-json\/wp\/v2\/posts\/16248488","targetHints":{"allow":["GET"]}}],"collection":[{"href":"https:\/\/www.vecesam.es\/ca\/wp-json\/wp\/v2\/posts"}],"about":[{"href":"https:\/\/www.vecesam.es\/ca\/wp-json\/wp\/v2\/types\/post"}],"author":[{"embeddable":true,"href":"https:\/\/www.vecesam.es\/ca\/wp-json\/wp\/v2\/users\/1"}],"replies":[{"embeddable":true,"href":"https:\/\/www.vecesam.es\/ca\/wp-json\/wp\/v2\/comments?post=16248488"}],"version-history":[{"count":0,"href":"https:\/\/www.vecesam.es\/ca\/wp-json\/wp\/v2\/posts\/16248488\/revisions"}],"wp:featuredmedia":[{"embeddable":true,"href":"https:\/\/www.vecesam.es\/ca\/wp-json\/wp\/v2\/media\/16248484"}],"wp:attachment":[{"href":"https:\/\/www.vecesam.es\/ca\/wp-json\/wp\/v2\/media?parent=16248488"}],"wp:term":[{"taxonomy":"category","embeddable":true,"href":"https:\/\/www.vecesam.es\/ca\/wp-json\/wp\/v2\/categories?post=16248488"},{"taxonomy":"post_tag","embeddable":true,"href":"https:\/\/www.vecesam.es\/ca\/wp-json\/wp\/v2\/tags?post=16248488"},{"taxonomy":"dipi_cpt_category","embeddable":true,"href":"https:\/\/www.vecesam.es\/ca\/wp-json\/wp\/v2\/dipi_cpt_category?post=16248488"}],"curies":[{"name":"wp","href":"https:\/\/api.w.org\/{rel}","templated":true}]}}